{"id":6686,"date":"2019-03-04T16:11:15","date_gmt":"2019-03-04T15:11:15","guid":{"rendered":"https:\/\/www.arleblanc.com\/cyclotourisme-en-ardeche\/"},"modified":"2025-12-19T15:08:34","modified_gmt":"2025-12-19T14:08:34","slug":"radtourismus-in-der-ardeche","status":"publish","type":"post","link":"https:\/\/www.arleblanc.com\/de\/radtourismus-in-der-ardeche\/","title":{"rendered":"Radtourismus in der Ard\u00e8che"},"content":{"rendered":"<p><div class=\"fusion-fullwidth fullwidth-box fusion-builder-row-1 fusion-flex-container has-pattern-background has-mask-background nonhundred-percent-fullwidth non-hundred-percent-height-scrolling\" style=\"--awb-border-radius-top-left:0px;--awb-border-radius-top-right:0px;--awb-border-radius-bottom-right:0px;--awb-border-radius-bottom-left:0px;--awb-flex-wrap:wrap;\" ><div class=\"fusion-builder-row fusion-row fusion-flex-align-items-center fusion-flex-content-wrap\" style=\"max-width:1456px;margin-left: calc(-4% \/ 2 );margin-right: calc(-4% \/ 2 );\"><div class=\"fusion-layout-column fusion_builder_column fusion-builder-column-0 fusion_builder_column_2_3 2_3 fusion-flex-column\" style=\"--awb-bg-size:cover;--awb-width-large:66.666666666667%;--awb-margin-top-large:0px;--awb-spacing-right-large:2.88%;--awb-margin-bottom-large:20px;--awb-spacing-left-large:2.88%;--awb-width-medium:100%;--awb-spacing-right-medium:1.92%;--awb-spacing-left-medium:1.92%;--awb-width-small:100%;--awb-spacing-right-small:1.92%;--awb-spacing-left-small:1.92%;\"><div class=\"fusion-column-wrapper fusion-flex-justify-content-flex-start fusion-content-layout-column\"><div class=\"fusion-text fusion-text-1\" style=\"--awb-text-transform:none;\"><p>Entdecken Sie die sch\u00f6nsten Radwege und genie\u00dfen Sie die Natur! Die Ard\u00e8che hat alles zu bieten, von flachen Fluss Pfaden bis hin zu anspruchsvollen Bergtouren. Erkunden Sie die wundersch\u00f6ne Umgebung von Camping Arleblanc auf zwei R\u00e4dern. Ob die flache Via Ard\u00e8che oder herausfordernde Mountainbike-Strecken: Hier ist f\u00fcr jeden etwas dabei.<\/p>\n<\/div><div class=\"fusion-title title fusion-title-1 fusion-title-text fusion-title-size-two\" style=\"--awb-margin-top:20px;\"><div class=\"title-sep-container title-sep-container-left fusion-no-large-visibility fusion-no-medium-visibility fusion-no-small-visibility\"><div class=\"title-sep sep-single sep-solid\" style=\"border-color:#d6d4d4;\"><\/div><\/div><span class=\"awb-title-spacer fusion-no-large-visibility fusion-no-medium-visibility fusion-no-small-visibility\"><\/span><h2 class=\"fusion-title-heading title-heading-left\" style=\"margin:0;\"><span class=\"stitle\">Entdecken Sie die sch\u00f6nsten Fahrradrouten!<\/span><\/h2><span class=\"awb-title-spacer\"><\/span><div class=\"title-sep-container title-sep-container-right\"><div class=\"title-sep sep-single sep-solid\" style=\"border-color:#d6d4d4;\"><\/div><\/div><\/div><div class=\"fusion-text fusion-text-2\" style=\"--awb-text-transform:none;\"><p>Die Ard\u00e8che ist ein Paradies f\u00fcr Radfahrer, die von einem weitl\u00e4ufigen Netz an Radwegen und Mountainbike-Strecken profitieren. Vom Campingplatz Arleblanc aus k\u00f6nnen Sie direkt in die Natur radeln und malerische D\u00f6rfer wie Vog\u00fc\u00e9, Balazuc und Vallon Pont d&#8217;Arc entdecken.<\/p>\n<\/div><\/div><\/div><div class=\"fusion-layout-column fusion_builder_column fusion-builder-column-1 fusion_builder_column_1_3 1_3 fusion-flex-column\" style=\"--awb-bg-size:cover;--awb-width-large:33.333333333333%;--awb-margin-top-large:0px;--awb-spacing-right-large:5.76%;--awb-margin-bottom-large:20px;--awb-spacing-left-large:5.76%;--awb-width-medium:100%;--awb-spacing-right-medium:1.92%;--awb-spacing-left-medium:1.92%;--awb-width-small:100%;--awb-spacing-right-small:1.92%;--awb-spacing-left-small:1.92%;\"><div class=\"fusion-column-wrapper fusion-flex-justify-content-flex-start fusion-content-layout-column\"><div class=\"fusion-image-element \" style=\"text-align:center;--awb-caption-title-font-family:var(--h2_typography-font-family);--awb-caption-title-font-weight:var(--h2_typography-font-weight);--awb-caption-title-font-style:var(--h2_typography-font-style);--awb-caption-title-size:var(--h2_typography-font-size);--awb-caption-title-transform:var(--h2_typography-text-transform);--awb-caption-title-line-height:var(--h2_typography-line-height);--awb-caption-title-letter-spacing:var(--h2_typography-letter-spacing);\"><span class=\" fusion-imageframe imageframe-none imageframe-1 hover-type-none\"><a href=\"https:\/\/www.arleblanc.com\/wp-content\/uploads\/velo.jpg\" class=\"fusion-lightbox\" data-rel=\"iLightbox[4b8fd4ee8602edc3a97]\" data-title=\"V\u00e9los\" title=\"V\u00e9los\"><img decoding=\"async\" width=\"379\" height=\"284\" alt=\"V\u00e9los\" src=\"https:\/\/www.arleblanc.com\/wp-content\/uploads\/velo.jpg\" data-orig-src=\"https:\/\/www.arleblanc.com\/wp-content\/uploads\/velo.jpg\" class=\"lazyload img-responsive wp-image-3966\" srcset=\"data:image\/svg+xml,%3Csvg%20xmlns%3D%27http%3A%2F%2Fwww.w3.org%2F2000%2Fsvg%27%20width%3D%27379%27%20height%3D%27284%27%20viewBox%3D%270%200%20379%20284%27%3E%3Crect%20width%3D%27379%27%20height%3D%27284%27%20fill-opacity%3D%220%22%2F%3E%3C%2Fsvg%3E\" data-srcset=\"https:\/\/www.arleblanc.com\/wp-content\/uploads\/velo-200x150.jpg 200w, https:\/\/www.arleblanc.com\/wp-content\/uploads\/velo.jpg 379w\" data-sizes=\"auto\" data-orig-sizes=\"(max-width: 1024px) 100vw, (max-width: 640px) 100vw, 379px\" \/><\/a><\/span><\/div><\/div><\/div><div class=\"fusion-layout-column fusion_builder_column fusion-builder-column-2 fusion_builder_column_1_1 1_1 fusion-flex-column\" style=\"--awb-bg-size:cover;--awb-width-large:100%;--awb-margin-top-large:0px;--awb-spacing-right-large:1.92%;--awb-margin-bottom-large:20px;--awb-spacing-left-large:1.92%;--awb-width-medium:100%;--awb-spacing-right-medium:1.92%;--awb-spacing-left-medium:1.92%;--awb-width-small:100%;--awb-spacing-right-small:1.92%;--awb-spacing-left-small:1.92%;\"><div class=\"fusion-column-wrapper fusion-flex-justify-content-flex-start fusion-content-layout-column\"><div class=\"fusion-title title fusion-title-2 fusion-title-text fusion-title-size-two\" style=\"--awb-margin-top:20px;\"><div class=\"title-sep-container title-sep-container-left fusion-no-large-visibility fusion-no-medium-visibility fusion-no-small-visibility\"><div class=\"title-sep sep-single sep-solid\" style=\"border-color:#d6d4d4;\"><\/div><\/div><span class=\"awb-title-spacer fusion-no-large-visibility fusion-no-medium-visibility fusion-no-small-visibility\"><\/span><h2 class=\"fusion-title-heading title-heading-left\" style=\"margin:0;\"><span class=\"stitle\">Warum in der Ard\u00e8che Radfahren?<\/span><\/h2><span class=\"awb-title-spacer\"><\/span><div class=\"title-sep-container title-sep-container-right\"><div class=\"title-sep sep-single sep-solid\" style=\"border-color:#d6d4d4;\"><\/div><\/div><\/div><div class=\"fusion-text fusion-text-3\" style=\"--awb-text-transform:none;\"><p>Die Ard\u00e8che bietet beeindruckende, abwechslungsreiche Landschaften \u2013 von der tiefen Ard\u00e8che-Schlucht bis zu den Cevennen. Hier findet sich f\u00fcr jedes Niveau die passende Route, ob Sie ein erfahrener Radfahrer oder ein Genussradler sind. Die M\u00f6glichkeiten reichen von der flachen und sicheren Via Ard\u00e8che, einem Rad- und Wanderweg auf einer ehemaligen Bahntrasse, der sich ideal f\u00fcr Familien eignet, bis hin zu anspruchsvollen Mountainbike-Trails in den Bergen. Als Tipp: Laden Sie die Komoot-App herunter, um sich von weiteren Radtouren in der N\u00e4he von Camping Arleblanc inspirieren zu lassen.<\/p>\n<\/div><\/div><\/div><div class=\"fusion-layout-column fusion_builder_column fusion-builder-column-3 fusion_builder_column_1_1 1_1 fusion-flex-column\" style=\"--awb-bg-size:cover;--awb-width-large:100%;--awb-margin-top-large:0px;--awb-spacing-right-large:1.92%;--awb-margin-bottom-large:20px;--awb-spacing-left-large:1.92%;--awb-width-medium:100%;--awb-spacing-right-medium:1.92%;--awb-spacing-left-medium:1.92%;--awb-width-small:100%;--awb-spacing-right-small:1.92%;--awb-spacing-left-small:1.92%;\"><div class=\"fusion-column-wrapper fusion-flex-justify-content-flex-start fusion-content-layout-column\"><div class=\"fusion-title title fusion-title-3 fusion-title-text fusion-title-size-two\" style=\"--awb-margin-top:20px;\"><div class=\"title-sep-container title-sep-container-left fusion-no-large-visibility fusion-no-medium-visibility fusion-no-small-visibility\"><div class=\"title-sep sep-single sep-solid\" style=\"border-color:#d6d4d4;\"><\/div><\/div><span class=\"awb-title-spacer fusion-no-large-visibility fusion-no-medium-visibility fusion-no-small-visibility\"><\/span><h2 class=\"fusion-title-heading title-heading-left\" style=\"margin:0;\"><span class=\"stitle\">L&#8217;Ard\u00e9choise: F\u00fcr echte sportliche Radfahrer<\/span><\/h2><span class=\"awb-title-spacer\"><\/span><div class=\"title-sep-container title-sep-container-right\"><div class=\"title-sep sep-single sep-solid\" style=\"border-color:#d6d4d4;\"><\/div><\/div><\/div><div class=\"fusion-text fusion-text-4\" style=\"--awb-text-transform:none;\"><p>Jedes Jahr im Juni verwandelt sich die Ard\u00e8che w\u00e4hrend der L&#8217;Ard\u00e9choise in ein wahres Radsport Paradies. Diese mehrt\u00e4gige Radveranstaltung ist bekannt f\u00fcr ihre freundliche Atmosph\u00e4re, atemberaubende Landschaften und einzigartige Dorffeste. Radeln Sie durch die Ard\u00e8che und genie\u00dfen Sie dabei die Natur in vollen Z\u00fcgen.<\/p>\n<\/div><\/div><\/div><div class=\"fusion-layout-column fusion_builder_column fusion-builder-column-4 fusion_builder_column_1_1 1_1 fusion-flex-column\" style=\"--awb-bg-size:cover;--awb-width-large:100%;--awb-margin-top-large:0px;--awb-spacing-right-large:1.92%;--awb-margin-bottom-large:20px;--awb-spacing-left-large:1.92%;--awb-width-medium:100%;--awb-spacing-right-medium:1.92%;--awb-spacing-left-medium:1.92%;--awb-width-small:100%;--awb-spacing-right-small:1.92%;--awb-spacing-left-small:1.92%;\"><div class=\"fusion-column-wrapper fusion-flex-justify-content-flex-start fusion-content-layout-column\"><div class=\"fusion-title title fusion-title-4 fusion-title-text fusion-title-size-two\" style=\"--awb-margin-top:20px;\"><div class=\"title-sep-container title-sep-container-left fusion-no-large-visibility fusion-no-medium-visibility fusion-no-small-visibility\"><div class=\"title-sep sep-single sep-solid\" style=\"border-color:#d6d4d4;\"><\/div><\/div><span class=\"awb-title-spacer fusion-no-large-visibility fusion-no-medium-visibility fusion-no-small-visibility\"><\/span><h2 class=\"fusion-title-heading title-heading-left\" style=\"margin:0;\"><span class=\"stitle\">Fahrradverleih in der Ard\u00e8che: Einfach und komfortabel<\/span><\/h2><span class=\"awb-title-spacer\"><\/span><div class=\"title-sep-container title-sep-container-right\"><div class=\"title-sep sep-single sep-solid\" style=\"border-color:#d6d4d4;\"><\/div><\/div><\/div><div class=\"fusion-text fusion-text-5\" style=\"--awb-text-transform:none;\"><p>Sie m\u00f6chten die wundersch\u00f6ne Ard\u00e8che mit dem Fahrrad erkunden, aber kein eigenes mitbringen? Das ist kein Problem! Bei unserem Partner AMC 07 k\u00f6nnen Sie bequem (E-)Bikes mieten. Die Fahrr\u00e4der werden Ihnen (gegen eine zus\u00e4tzliche Geb\u00fchr) direkt zum Campingplatz geliefert, sodass Sie sofort mit Ihrer Tour starten k\u00f6nnen.<\/p>\n<\/div><\/div><\/div><\/div><\/div><div class=\"fusion-fullwidth fullwidth-box fusion-builder-row-2 fusion-flex-container nonhundred-percent-fullwidth non-hundred-percent-height-scrolling\" style=\"--awb-border-radius-top-left:0px;--awb-border-radius-top-right:0px;--awb-border-radius-bottom-right:0px;--awb-border-radius-bottom-left:0px;--awb-flex-wrap:wrap;\" ><div class=\"fusion-builder-row fusion-row fusion-flex-align-items-flex-start fusion-flex-content-wrap\" style=\"max-width:1456px;margin-left: calc(-4% \/ 2 );margin-right: calc(-4% \/ 2 );\"><div class=\"fusion-layout-column fusion_builder_column fusion-builder-column-5 fusion_builder_column_1_1 1_1 fusion-flex-column\" style=\"--awb-bg-size:cover;--awb-width-large:100%;--awb-margin-top-large:0px;--awb-spacing-right-large:1.92%;--awb-margin-bottom-large:20px;--awb-spacing-left-large:1.92%;--awb-width-medium:100%;--awb-spacing-right-medium:1.92%;--awb-spacing-left-medium:1.92%;--awb-width-small:100%;--awb-spacing-right-small:1.92%;--awb-spacing-left-small:1.92%;\"><div class=\"fusion-column-wrapper fusion-flex-justify-content-flex-start fusion-content-layout-column\"><div class=\"fusion-title title fusion-title-5 fusion-title-text fusion-title-size-two\"><div class=\"title-sep-container title-sep-container-left fusion-no-large-visibility fusion-no-medium-visibility fusion-no-small-visibility\"><div class=\"title-sep sep-single sep-solid\" style=\"border-color:#d6d4d4;\"><\/div><\/div><span class=\"awb-title-spacer fusion-no-large-visibility fusion-no-medium-visibility fusion-no-small-visibility\"><\/span><h2 class=\"fusion-title-heading title-heading-left\" style=\"margin:0;\"><span class=\"stitle\">Radwege, die vom Campingplatz aus starten<\/span><\/h2><span class=\"awb-title-spacer\"><\/span><div class=\"title-sep-container title-sep-container-right\"><div class=\"title-sep sep-single sep-solid\" style=\"border-color:#d6d4d4;\"><\/div><\/div><\/div><div class=\"fusion-tabs fusion-tabs-1 classic tabsgpx vertical-tabs icon-position-left mobile-mode-accordion\" style=\"--awb-title-border-radius-top-left:0px;--awb-title-border-radius-top-right:0px;--awb-title-border-radius-bottom-right:0px;--awb-title-border-radius-bottom-left:0px;--awb-alignment:start;--awb-inactive-color:#e5e5e5;--awb-background-color:#ffffff;--awb-border-color:#ffffff;--awb-active-border-color:var(--awb-color7);\"><div class=\"nav\"><ul class=\"nav-tabs\" role=\"tablist\"><li class=\"active\" role=\"presentation\"><a class=\"tab-link\" data-toggle=\"tab\" role=\"tab\" aria-controls=\"tab-44418e1a413dd40b97d\" aria-selected=\"true\" id=\"fusion-tab-ard\u00e8chem\u00e9ridionale1\" href=\"#tab-44418e1a413dd40b97d\"><h4 class=\"fusion-tab-heading\">Ard\u00e8che M\u00e9ridionale 1<\/h4><\/a><\/li><li role=\"presentation\"><a class=\"tab-link\" data-toggle=\"tab\" role=\"tab\" aria-controls=\"tab-d431c020bd2fa2854bc\" aria-selected=\"false\" tabindex=\"-1\" id=\"fusion-tab-ard\u00e8chem\u00e9ridionale2\" href=\"#tab-d431c020bd2fa2854bc\"><h4 class=\"fusion-tab-heading\">Ard\u00e8che M\u00e9ridionale 2<\/h4><\/a><\/li><li role=\"presentation\"><a class=\"tab-link\" data-toggle=\"tab\" role=\"tab\" aria-controls=\"tab-3037db0a2ed9884c05e\" aria-selected=\"false\" tabindex=\"-1\" id=\"fusion-tab-ard\u00e8chem\u00e9ridionale3\" href=\"#tab-3037db0a2ed9884c05e\"><h4 class=\"fusion-tab-heading\">Ard\u00e8che M\u00e9ridionale 3<\/h4><\/a><\/li><li role=\"presentation\"><a class=\"tab-link\" data-toggle=\"tab\" role=\"tab\" aria-controls=\"tab-bad35e93c02c0cb238e\" aria-selected=\"false\" tabindex=\"-1\" id=\"fusion-tab-diecevennes1\" href=\"#tab-bad35e93c02c0cb238e\"><h4 class=\"fusion-tab-heading\">Die Cevennes 1<\/h4><\/a><\/li><li role=\"presentation\"><a class=\"tab-link\" data-toggle=\"tab\" role=\"tab\" aria-controls=\"tab-e2df752c7f521dbc7c5\" aria-selected=\"false\" tabindex=\"-1\" id=\"fusion-tab-diecevennes2\" href=\"#tab-e2df752c7f521dbc7c5\"><h4 class=\"fusion-tab-heading\">Die Cevennes 2<\/h4><\/a><\/li><li role=\"presentation\"><a class=\"tab-link\" data-toggle=\"tab\" role=\"tab\" aria-controls=\"tab-c05af8903c673103797\" aria-selected=\"false\" tabindex=\"-1\" id=\"fusion-tab-diecevennes3\" href=\"#tab-c05af8903c673103797\"><h4 class=\"fusion-tab-heading\">Die Cevennes 3<\/h4><\/a><\/li><\/ul><\/div><div class=\"tab-content\"><div class=\"nav fusion-mobile-tab-nav\"><ul class=\"nav-tabs\" role=\"tablist\"><li class=\"active\" role=\"presentation\"><a class=\"tab-link\" data-toggle=\"tab\" role=\"tab\" aria-controls=\"tab-44418e1a413dd40b97d\" aria-selected=\"true\" id=\"mobile-fusion-tab-ard\u00e8chem\u00e9ridionale1\" href=\"#tab-44418e1a413dd40b97d\"><h4 class=\"fusion-tab-heading\">Ard\u00e8che M\u00e9ridionale 1<\/h4><\/a><\/li><\/ul><\/div><div class=\"tab-pane fade fusion-clearfix in active\" role=\"tabpanel\" tabindex=\"0\" aria-labelledby=\"fusion-tab-ard\u00e8chem\u00e9ridionale1\" id=\"tab-44418e1a413dd40b97d\">\t<style>\n\t.spinner { margin: 60px auto 80px; width: 50px; height: 20px; text-align: center; font-size: 10px; }\n\t.spinner > div { background-color: #747474; margin:0 1px; height: 100%; width: 6px; display: inline-block; -webkit-animation: sk-stretchdelay 1.2s infinite ease-in-out; animation: sk-stretchdelay 1.2s infinite ease-in-out; }\n\t.spinner .rect2 { -webkit-animation-delay: -1.1s; animation-delay: -1.1s; }\n\t.spinner .rect3 { -webkit-animation-delay: -1.0s; animation-delay: -1.0s; }\n\t.spinner .rect4 { -webkit-animation-delay: -0.9s; animation-delay: -0.9s; }\n\t.spinner .rect5 { -webkit-animation-delay: -0.8s; animation-delay: -0.8s; }\n\t@-webkit-keyframes sk-stretchdelay { 0%, 40%, 100% { -webkit-transform: scaleY(0.4) } 20% { -webkit-transform: scaleY(1.0) } }\n\t@keyframes sk-stretchdelay { 0%, 40%, 100% { transform: scaleY(0.4); -webkit-transform: scaleY(0.4); }  20% {  transform: scaleY(1.0); -webkit-transform: scaleY(1.0); } }\n\t\n\t.wpgpxmaps + script + a { margin-bottom:30px }\n\t\n\t.tabsgpx h4 { font-size:16px !important }\n\t.tabsgpx li .tab-link { padding: 7px 18px !important; }\n\t<\/style>\n\t        <div class=\"spinner\"><div class=\"rect1\"><\/div><div class=\"rect2\"><\/div><div class=\"rect3\"><\/div><div class=\"rect4\"><\/div><div class=\"rect5\"><\/div><\/div>\n\t\t<script>\n\t\tjQuery(document).ready(function(){\n\t\t\tjQuery('.tabsgpx > .nav > .nav-tabs li:nth-child(1)').click(function(){\n\t\t\t\tvar dest = jQuery('a', this).attr('href');\n\t\t\t\tif ( jQuery(dest).find('.wpgpxmaps').length == 0)\n\t\t\t\t{\n\t\t\t\t\tjQuery.post(\n\t\t\t\t\t\t'https:\/\/www.arleblanc.com\/wp-admin\/admin-ajax.php',\n\t\t\t\t\t\t{\n\t\t\t\t\t\t\t'action': 'load_gpx',\n\t\t\t\t\t\t\t'gpx': '\/wp-content\/uploads\/gpx\/cyclo-ardeche-meridionale-1.gpx',\n\t\t\t\t\t\t\t'time': '4 to 5h',\n\t\t\t\t\t\t\t'dist': '74 km',\n\t\t\t\t\t\t\t'deniv': '637 m',\n\t\t\t\t\t\t\t'diff': 'Easy',\n\t\t\t\t\t\t\t'txt': 'Nachdem Sie den Campingplatz Arleblanc verlassen haben, erreichen Sie die beeindruckenden Ruoms-Schluchten mit ihren in den Fels gehauenen Tunneln. Anschlie\u00dfend geht es weiter nach Ruoms, einem malerischen Weinort, und Les Vans, einem typischen St\u00e4dtchen der Ard\u00e8che. \u00dcber Joyeuse kehren Sie schlie\u00dflich zum Campingplatz Arleblanc zur\u00fcck.',\n\t\t\t\t\t\t\t'lang': 'de'\n\t\t\t\t\t\t},\n\t\t\t\t\t\tfunction(response){\n\t\t\t\t\t\t\t\/\/console.log(response);\n\t\t\t\t\t\t\tjQuery(dest).html(response);\n\t\t\t\t\t\t}\n\t\t\t\t\t);\n\t\t\t\t}\n\t\t\t});\n\t\t});\n\t\t<\/script>\n\t\t<\/div><div class=\"nav fusion-mobile-tab-nav\"><ul class=\"nav-tabs\" role=\"tablist\"><li role=\"presentation\"><a class=\"tab-link\" data-toggle=\"tab\" role=\"tab\" aria-controls=\"tab-d431c020bd2fa2854bc\" aria-selected=\"false\" tabindex=\"-1\" id=\"mobile-fusion-tab-ard\u00e8chem\u00e9ridionale2\" href=\"#tab-d431c020bd2fa2854bc\"><h4 class=\"fusion-tab-heading\">Ard\u00e8che M\u00e9ridionale 2<\/h4><\/a><\/li><\/ul><\/div><div class=\"tab-pane fade fusion-clearfix\" role=\"tabpanel\" tabindex=\"0\" aria-labelledby=\"fusion-tab-ard\u00e8chem\u00e9ridionale2\" id=\"tab-d431c020bd2fa2854bc\">\t<style>\n\t.spinner { margin: 60px auto 80px; width: 50px; height: 20px; text-align: center; font-size: 10px; }\n\t.spinner > div { background-color: #747474; margin:0 1px; height: 100%; width: 6px; display: inline-block; -webkit-animation: sk-stretchdelay 1.2s infinite ease-in-out; animation: sk-stretchdelay 1.2s infinite ease-in-out; }\n\t.spinner .rect2 { -webkit-animation-delay: -1.1s; animation-delay: -1.1s; }\n\t.spinner .rect3 { -webkit-animation-delay: -1.0s; animation-delay: -1.0s; }\n\t.spinner .rect4 { -webkit-animation-delay: -0.9s; animation-delay: -0.9s; }\n\t.spinner .rect5 { -webkit-animation-delay: -0.8s; animation-delay: -0.8s; }\n\t@-webkit-keyframes sk-stretchdelay { 0%, 40%, 100% { -webkit-transform: scaleY(0.4) } 20% { -webkit-transform: scaleY(1.0) } }\n\t@keyframes sk-stretchdelay { 0%, 40%, 100% { transform: scaleY(0.4); -webkit-transform: scaleY(0.4); }  20% {  transform: scaleY(1.0); -webkit-transform: scaleY(1.0); } }\n\t\n\t.wpgpxmaps + script + a { margin-bottom:30px }\n\t\n\t.tabsgpx h4 { font-size:16px !important }\n\t.tabsgpx li .tab-link { padding: 7px 18px !important; }\n\t<\/style>\n\t        <div class=\"spinner\"><div class=\"rect1\"><\/div><div class=\"rect2\"><\/div><div class=\"rect3\"><\/div><div class=\"rect4\"><\/div><div class=\"rect5\"><\/div><\/div>\n\t\t<script>\n\t\tjQuery(document).ready(function(){\n\t\t\tjQuery('.tabsgpx > .nav > .nav-tabs li:nth-child(2)').click(function(){\n\t\t\t\tvar dest = jQuery('a', this).attr('href');\n\t\t\t\tif ( jQuery(dest).find('.wpgpxmaps').length == 0)\n\t\t\t\t{\n\t\t\t\t\tjQuery.post(\n\t\t\t\t\t\t'https:\/\/www.arleblanc.com\/wp-admin\/admin-ajax.php',\n\t\t\t\t\t\t{\n\t\t\t\t\t\t\t'action': 'load_gpx',\n\t\t\t\t\t\t\t'gpx': '\/wp-content\/uploads\/gpx\/cyclo-ardeche-meridionale-2.gpx',\n\t\t\t\t\t\t\t'time': '4 to 5h',\n\t\t\t\t\t\t\t'dist': '62 km',\n\t\t\t\t\t\t\t'deniv': '798 m',\n\t\t\t\t\t\t\t'diff': 'Easy',\n\t\t\t\t\t\t\t'txt': 'Eine einfache Route ohne nennenswerte H\u00f6henunterschiede. Erkunden Sie die Ebenen um Laurac und Largenti\u00e8re.',\n\t\t\t\t\t\t\t'lang': 'de'\n\t\t\t\t\t\t},\n\t\t\t\t\t\tfunction(response){\n\t\t\t\t\t\t\t\/\/console.log(response);\n\t\t\t\t\t\t\tjQuery(dest).html(response);\n\t\t\t\t\t\t}\n\t\t\t\t\t);\n\t\t\t\t}\n\t\t\t});\n\t\t});\n\t\t<\/script>\n\t\t<\/div><div class=\"nav fusion-mobile-tab-nav\"><ul class=\"nav-tabs\" role=\"tablist\"><li role=\"presentation\"><a class=\"tab-link\" data-toggle=\"tab\" role=\"tab\" aria-controls=\"tab-3037db0a2ed9884c05e\" aria-selected=\"false\" tabindex=\"-1\" id=\"mobile-fusion-tab-ard\u00e8chem\u00e9ridionale3\" href=\"#tab-3037db0a2ed9884c05e\"><h4 class=\"fusion-tab-heading\">Ard\u00e8che M\u00e9ridionale 3<\/h4><\/a><\/li><\/ul><\/div><div class=\"tab-pane fade fusion-clearfix\" role=\"tabpanel\" tabindex=\"0\" aria-labelledby=\"fusion-tab-ard\u00e8chem\u00e9ridionale3\" id=\"tab-3037db0a2ed9884c05e\">\t<style>\n\t.spinner { margin: 60px auto 80px; width: 50px; height: 20px; text-align: center; font-size: 10px; }\n\t.spinner > div { background-color: #747474; margin:0 1px; height: 100%; width: 6px; display: inline-block; -webkit-animation: sk-stretchdelay 1.2s infinite ease-in-out; animation: sk-stretchdelay 1.2s infinite ease-in-out; }\n\t.spinner .rect2 { -webkit-animation-delay: -1.1s; animation-delay: -1.1s; }\n\t.spinner .rect3 { -webkit-animation-delay: -1.0s; animation-delay: -1.0s; }\n\t.spinner .rect4 { -webkit-animation-delay: -0.9s; animation-delay: -0.9s; }\n\t.spinner .rect5 { -webkit-animation-delay: -0.8s; animation-delay: -0.8s; }\n\t@-webkit-keyframes sk-stretchdelay { 0%, 40%, 100% { -webkit-transform: scaleY(0.4) } 20% { -webkit-transform: scaleY(1.0) } }\n\t@keyframes sk-stretchdelay { 0%, 40%, 100% { transform: scaleY(0.4); -webkit-transform: scaleY(0.4); }  20% {  transform: scaleY(1.0); -webkit-transform: scaleY(1.0); } }\n\t\n\t.wpgpxmaps + script + a { margin-bottom:30px }\n\t\n\t.tabsgpx h4 { font-size:16px !important }\n\t.tabsgpx li .tab-link { padding: 7px 18px !important; }\n\t<\/style>\n\t        <div class=\"spinner\"><div class=\"rect1\"><\/div><div class=\"rect2\"><\/div><div class=\"rect3\"><\/div><div class=\"rect4\"><\/div><div class=\"rect5\"><\/div><\/div>\n\t\t<script>\n\t\tjQuery(document).ready(function(){\n\t\t\tjQuery('.tabsgpx > .nav > .nav-tabs li:nth-child(3)').click(function(){\n\t\t\t\tvar dest = jQuery('a', this).attr('href');\n\t\t\t\tif ( jQuery(dest).find('.wpgpxmaps').length == 0)\n\t\t\t\t{\n\t\t\t\t\tjQuery.post(\n\t\t\t\t\t\t'https:\/\/www.arleblanc.com\/wp-admin\/admin-ajax.php',\n\t\t\t\t\t\t{\n\t\t\t\t\t\t\t'action': 'load_gpx',\n\t\t\t\t\t\t\t'gpx': '\/wp-content\/uploads\/gpx\/cyclo-ardeche-meridionale-3.gpx',\n\t\t\t\t\t\t\t'time': '4 to 5h',\n\t\t\t\t\t\t\t'dist': '54 km',\n\t\t\t\t\t\t\t'deniv': '746 m',\n\t\t\t\t\t\t\t'diff': 'Easy',\n\t\t\t\t\t\t\t'txt': '',\n\t\t\t\t\t\t\t'lang': 'de'\n\t\t\t\t\t\t},\n\t\t\t\t\t\tfunction(response){\n\t\t\t\t\t\t\t\/\/console.log(response);\n\t\t\t\t\t\t\tjQuery(dest).html(response);\n\t\t\t\t\t\t}\n\t\t\t\t\t);\n\t\t\t\t}\n\t\t\t});\n\t\t});\n\t\t<\/script>\n\t\t<\/div><div class=\"nav fusion-mobile-tab-nav\"><ul class=\"nav-tabs\" role=\"tablist\"><li role=\"presentation\"><a class=\"tab-link\" data-toggle=\"tab\" role=\"tab\" aria-controls=\"tab-bad35e93c02c0cb238e\" aria-selected=\"false\" tabindex=\"-1\" id=\"mobile-fusion-tab-diecevennes1\" href=\"#tab-bad35e93c02c0cb238e\"><h4 class=\"fusion-tab-heading\">Die Cevennes 1<\/h4><\/a><\/li><\/ul><\/div><div class=\"tab-pane fade fusion-clearfix\" role=\"tabpanel\" tabindex=\"0\" aria-labelledby=\"fusion-tab-diecevennes1\" id=\"tab-bad35e93c02c0cb238e\">\t<style>\n\t.spinner { margin: 60px auto 80px; width: 50px; height: 20px; text-align: center; font-size: 10px; }\n\t.spinner > div { background-color: #747474; margin:0 1px; height: 100%; width: 6px; display: inline-block; -webkit-animation: sk-stretchdelay 1.2s infinite ease-in-out; animation: sk-stretchdelay 1.2s infinite ease-in-out; }\n\t.spinner .rect2 { -webkit-animation-delay: -1.1s; animation-delay: -1.1s; }\n\t.spinner .rect3 { -webkit-animation-delay: -1.0s; animation-delay: -1.0s; }\n\t.spinner .rect4 { -webkit-animation-delay: -0.9s; animation-delay: -0.9s; }\n\t.spinner .rect5 { -webkit-animation-delay: -0.8s; animation-delay: -0.8s; }\n\t@-webkit-keyframes sk-stretchdelay { 0%, 40%, 100% { -webkit-transform: scaleY(0.4) } 20% { -webkit-transform: scaleY(1.0) } }\n\t@keyframes sk-stretchdelay { 0%, 40%, 100% { transform: scaleY(0.4); -webkit-transform: scaleY(0.4); }  20% {  transform: scaleY(1.0); -webkit-transform: scaleY(1.0); } }\n\t\n\t.wpgpxmaps + script + a { margin-bottom:30px }\n\t\n\t.tabsgpx h4 { font-size:16px !important }\n\t.tabsgpx li .tab-link { padding: 7px 18px !important; }\n\t<\/style>\n\t        <div class=\"spinner\"><div class=\"rect1\"><\/div><div class=\"rect2\"><\/div><div class=\"rect3\"><\/div><div class=\"rect4\"><\/div><div class=\"rect5\"><\/div><\/div>\n\t\t<script>\n\t\tjQuery(document).ready(function(){\n\t\t\tjQuery('.tabsgpx > .nav > .nav-tabs li:nth-child(4)').click(function(){\n\t\t\t\tvar dest = jQuery('a', this).attr('href');\n\t\t\t\tif ( jQuery(dest).find('.wpgpxmaps').length == 0)\n\t\t\t\t{\n\t\t\t\t\tjQuery.post(\n\t\t\t\t\t\t'https:\/\/www.arleblanc.com\/wp-admin\/admin-ajax.php',\n\t\t\t\t\t\t{\n\t\t\t\t\t\t\t'action': 'load_gpx',\n\t\t\t\t\t\t\t'gpx': '\/wp-content\/uploads\/gpx\/cyclo-cevennes-1.gpx',\n\t\t\t\t\t\t\t'time': '4 to 5h',\n\t\t\t\t\t\t\t'dist': '89 km',\n\t\t\t\t\t\t\t'deniv': '1216 m',\n\t\t\t\t\t\t\t'diff': 'Difficult',\n\t\t\t\t\t\t\t'txt': 'Eine Rundfahrt in den Cevennen. Nach der Ankunft in Les Vans folgen Sie dem Chassezac-Tal nach Pied de Borne, dann weiter nach Villefort und schlie\u00dflich \u00fcber den Col du Mas de l\\'Ayre zur\u00fcck.',\n\t\t\t\t\t\t\t'lang': 'de'\n\t\t\t\t\t\t},\n\t\t\t\t\t\tfunction(response){\n\t\t\t\t\t\t\t\/\/console.log(response);\n\t\t\t\t\t\t\tjQuery(dest).html(response);\n\t\t\t\t\t\t}\n\t\t\t\t\t);\n\t\t\t\t}\n\t\t\t});\n\t\t});\n\t\t<\/script>\n\t\t<\/div><div class=\"nav fusion-mobile-tab-nav\"><ul class=\"nav-tabs\" role=\"tablist\"><li role=\"presentation\"><a class=\"tab-link\" data-toggle=\"tab\" role=\"tab\" aria-controls=\"tab-e2df752c7f521dbc7c5\" aria-selected=\"false\" tabindex=\"-1\" id=\"mobile-fusion-tab-diecevennes2\" href=\"#tab-e2df752c7f521dbc7c5\"><h4 class=\"fusion-tab-heading\">Die Cevennes 2<\/h4><\/a><\/li><\/ul><\/div><div class=\"tab-pane fade fusion-clearfix\" role=\"tabpanel\" tabindex=\"0\" aria-labelledby=\"fusion-tab-diecevennes2\" id=\"tab-e2df752c7f521dbc7c5\">\n\t<style>\n\t.spinner { margin: 60px auto 80px; width: 50px; height: 20px; text-align: center; font-size: 10px; }\n\t.spinner > div { background-color: #747474; margin:0 1px; height: 100%; width: 6px; display: inline-block; -webkit-animation: sk-stretchdelay 1.2s infinite ease-in-out; animation: sk-stretchdelay 1.2s infinite ease-in-out; }\n\t.spinner .rect2 { -webkit-animation-delay: -1.1s; animation-delay: -1.1s; }\n\t.spinner .rect3 { -webkit-animation-delay: -1.0s; animation-delay: -1.0s; }\n\t.spinner .rect4 { -webkit-animation-delay: -0.9s; animation-delay: -0.9s; }\n\t.spinner .rect5 { -webkit-animation-delay: -0.8s; animation-delay: -0.8s; }\n\t@-webkit-keyframes sk-stretchdelay { 0%, 40%, 100% { -webkit-transform: scaleY(0.4) } 20% { -webkit-transform: scaleY(1.0) } }\n\t@keyframes sk-stretchdelay { 0%, 40%, 100% { transform: scaleY(0.4); -webkit-transform: scaleY(0.4); }  20% {  transform: scaleY(1.0); -webkit-transform: scaleY(1.0); } }\n\t\n\t.wpgpxmaps + script + a { margin-bottom:30px }\n\t\n\t.tabsgpx h4 { font-size:16px !important }\n\t.tabsgpx li .tab-link { padding: 7px 18px !important; }\n\t<\/style>\n\t        <div class=\"spinner\"><div class=\"rect1\"><\/div><div class=\"rect2\"><\/div><div class=\"rect3\"><\/div><div class=\"rect4\"><\/div><div class=\"rect5\"><\/div><\/div>\n\t\t<script>\n\t\tjQuery(document).ready(function(){\n\t\t\tjQuery('.tabsgpx > .nav > .nav-tabs li:nth-child(5)').click(function(){\n\t\t\t\tvar dest = jQuery('a', this).attr('href');\n\t\t\t\tif ( jQuery(dest).find('.wpgpxmaps').length == 0)\n\t\t\t\t{\n\t\t\t\t\tjQuery.post(\n\t\t\t\t\t\t'https:\/\/www.arleblanc.com\/wp-admin\/admin-ajax.php',\n\t\t\t\t\t\t{\n\t\t\t\t\t\t\t'action': 'load_gpx',\n\t\t\t\t\t\t\t'gpx': '\/wp-content\/uploads\/gpx\/cyclo-cevennes-2.gpx',\n\t\t\t\t\t\t\t'time': '4 to 5h',\n\t\t\t\t\t\t\t'dist': '97 km',\n\t\t\t\t\t\t\t'deniv': '1438 m',\n\t\t\t\t\t\t\t'diff': 'Difficult',\n\t\t\t\t\t\t\t'txt': '',\n\t\t\t\t\t\t\t'lang': 'de'\n\t\t\t\t\t\t},\n\t\t\t\t\t\tfunction(response){\n\t\t\t\t\t\t\t\/\/console.log(response);\n\t\t\t\t\t\t\tjQuery(dest).html(response);\n\t\t\t\t\t\t}\n\t\t\t\t\t);\n\t\t\t\t}\n\t\t\t});\n\t\t});\n\t\t<\/script>\n\t\t<\/div><div class=\"nav fusion-mobile-tab-nav\"><ul class=\"nav-tabs\" role=\"tablist\"><li role=\"presentation\"><a class=\"tab-link\" data-toggle=\"tab\" role=\"tab\" aria-controls=\"tab-c05af8903c673103797\" aria-selected=\"false\" tabindex=\"-1\" id=\"mobile-fusion-tab-diecevennes3\" href=\"#tab-c05af8903c673103797\"><h4 class=\"fusion-tab-heading\">Die Cevennes 3<\/h4><\/a><\/li><\/ul><\/div><div class=\"tab-pane fade fusion-clearfix\" role=\"tabpanel\" tabindex=\"0\" aria-labelledby=\"fusion-tab-diecevennes3\" id=\"tab-c05af8903c673103797\">\t<style>\n\t.spinner { margin: 60px auto 80px; width: 50px; height: 20px; text-align: center; font-size: 10px; }\n\t.spinner > div { background-color: #747474; margin:0 1px; height: 100%; width: 6px; display: inline-block; -webkit-animation: sk-stretchdelay 1.2s infinite ease-in-out; animation: sk-stretchdelay 1.2s infinite ease-in-out; }\n\t.spinner .rect2 { -webkit-animation-delay: -1.1s; animation-delay: -1.1s; }\n\t.spinner .rect3 { -webkit-animation-delay: -1.0s; animation-delay: -1.0s; }\n\t.spinner .rect4 { -webkit-animation-delay: -0.9s; animation-delay: -0.9s; }\n\t.spinner .rect5 { -webkit-animation-delay: -0.8s; animation-delay: -0.8s; }\n\t@-webkit-keyframes sk-stretchdelay { 0%, 40%, 100% { -webkit-transform: scaleY(0.4) } 20% { -webkit-transform: scaleY(1.0) } }\n\t@keyframes sk-stretchdelay { 0%, 40%, 100% { transform: scaleY(0.4); -webkit-transform: scaleY(0.4); }  20% {  transform: scaleY(1.0); -webkit-transform: scaleY(1.0); } }\n\t\n\t.wpgpxmaps + script + a { margin-bottom:30px }\n\t\n\t.tabsgpx h4 { font-size:16px !important }\n\t.tabsgpx li .tab-link { padding: 7px 18px !important; }\n\t<\/style>\n\t        <div class=\"spinner\"><div class=\"rect1\"><\/div><div class=\"rect2\"><\/div><div class=\"rect3\"><\/div><div class=\"rect4\"><\/div><div class=\"rect5\"><\/div><\/div>\n\t\t<script>\n\t\tjQuery(document).ready(function(){\n\t\t\tjQuery('.tabsgpx > .nav > .nav-tabs li:nth-child(6)').click(function(){\n\t\t\t\tvar dest = jQuery('a', this).attr('href');\n\t\t\t\tif ( jQuery(dest).find('.wpgpxmaps').length == 0)\n\t\t\t\t{\n\t\t\t\t\tjQuery.post(\n\t\t\t\t\t\t'https:\/\/www.arleblanc.com\/wp-admin\/admin-ajax.php',\n\t\t\t\t\t\t{\n\t\t\t\t\t\t\t'action': 'load_gpx',\n\t\t\t\t\t\t\t'gpx': '\/wp-content\/uploads\/gpx\/cyclo-cevennes-3.gpx',\n\t\t\t\t\t\t\t'time': '4 to 5h',\n\t\t\t\t\t\t\t'dist': '81 km',\n\t\t\t\t\t\t\t'deniv': '1409 m',\n\t\t\t\t\t\t\t'diff': 'Difficult',\n\t\t\t\t\t\t\t'txt': 'Nachdem Sie dem Beaume-Drobie-Tal gefolgt sind, geht es zur\u00fcck in Richtung Cevennen zum Chassezac-Tal. Sie durchqueren den wundersch\u00f6nen Bois de Pa\u00efolive mit seinen ber\u00fchmten Felsen, dem B\u00e4ren und dem L\u00f6wen, am Eingang.',\n\t\t\t\t\t\t\t'lang': 'de'\n\t\t\t\t\t\t},\n\t\t\t\t\t\tfunction(response){\n\t\t\t\t\t\t\t\/\/console.log(response);\n\t\t\t\t\t\t\tjQuery(dest).html(response);\n\t\t\t\t\t\t}\n\t\t\t\t\t);\n\t\t\t\t}\n\t\t\t});\n\t\t});\n\t\t<\/script>\n\t\t<\/div><\/div><\/div><div class=\"fusion-title title fusion-title-6 fusion-title-text fusion-title-size-two\"><div class=\"title-sep-container title-sep-container-left fusion-no-large-visibility fusion-no-medium-visibility fusion-no-small-visibility\"><div class=\"title-sep sep-single sep-solid\" style=\"border-color:#d6d4d4;\"><\/div><\/div><span class=\"awb-title-spacer fusion-no-large-visibility fusion-no-medium-visibility fusion-no-small-visibility\"><\/span><h2 class=\"fusion-title-heading title-heading-left\" style=\"margin:0;\"><span class=\"stitle\">Ber\u00fchmte Radrouten in der Ard\u00e8che<\/span><\/h2><span class=\"awb-title-spacer\"><\/span><div class=\"title-sep-container title-sep-container-right\"><div class=\"title-sep sep-single sep-solid\" style=\"border-color:#d6d4d4;\"><\/div><\/div><\/div><div class=\"fusion-title title fusion-title-7 fusion-title-text fusion-title-size-three\"><div class=\"title-sep-container title-sep-container-left fusion-no-large-visibility fusion-no-medium-visibility fusion-no-small-visibility\"><div class=\"title-sep sep-single sep-solid\" style=\"border-color:#d6d4d4;\"><\/div><\/div><span class=\"awb-title-spacer fusion-no-large-visibility fusion-no-medium-visibility fusion-no-small-visibility\"><\/span><h3 class=\"fusion-title-heading title-heading-left\" style=\"margin:0;\"><span class=\"stitle\">Radtour in der s\u00fcdlichen Ard\u00e8che<\/span>N\u00b0 1<\/h3><span class=\"awb-title-spacer\"><\/span><div class=\"title-sep-container title-sep-container-right\"><div class=\"title-sep sep-single sep-solid\" style=\"border-color:#d6d4d4;\"><\/div><\/div><\/div><div class=\"fusion-text fusion-text-6\" style=\"--awb-text-transform:none;\"><p><em>Schwierigkeitsgrad: Leicht \u2013 Dauer: 4 bis 5 Stunden \u2013 Distanz: 57 km \u2013 H\u00f6henunterschied: 637 m<\/em><\/p>\n<p>Diese erste Radtour ist eine angenehme und leicht zug\u00e4ngliche Strecke mit minimalen H\u00f6henmetern \u2013 ideal f\u00fcr einen entspannten Start. Die Rundtour f\u00fchrt Sie an den sch\u00f6nsten Sehensw\u00fcrdigkeiten der Region vorbei. Nach Arleblanc erreichen Sie die spektakul\u00e4re Schlucht Gorges du Ruoms mit ihren in den Fels gehauenen Tunneln. Anschlie\u00dfend radeln Sie durch charmante D\u00f6rfer: das malerische Ruoms, das typische Ard\u00e8che-Dorf Les Vans und schlie\u00dflich, \u00fcber das bezaubernde Dorf Joyeuse, zur\u00fcck zum Campingplatz.<\/p>\n<p>Routenbeschreibung: Arleblanc \u2013 Rosi\u00e8res \u2013 Laurac \u2013 Gorges du Ruoms \u2013 Ruoms \u2013 Grospierres \u2013 La Crois\u00e9e de Jal\u00e8s (Cd 111 \/ Cd 104) \u2013 Berrias \u2013 Les Vans \u2013 Lablach\u00e8re \u2013 Joyeuse \u2013 Rosi\u00e8res \u2013 Arleblanc<\/p>\n<\/div><div class=\"fusion-title title fusion-title-8 fusion-title-text fusion-title-size-three\"><div class=\"title-sep-container title-sep-container-left fusion-no-large-visibility fusion-no-medium-visibility fusion-no-small-visibility\"><div class=\"title-sep sep-single sep-solid\" style=\"border-color:#d6d4d4;\"><\/div><\/div><span class=\"awb-title-spacer fusion-no-large-visibility fusion-no-medium-visibility fusion-no-small-visibility\"><\/span><h3 class=\"fusion-title-heading title-heading-left\" style=\"margin:0;\"><span class=\"stitle\">Radtour in der s\u00fcdlichen Ard\u00e8che<\/span>N\u00b0 2<\/h3><span class=\"awb-title-spacer\"><\/span><div class=\"title-sep-container title-sep-container-right\"><div class=\"title-sep sep-single sep-solid\" style=\"border-color:#d6d4d4;\"><\/div><\/div><\/div><div class=\"fusion-text fusion-text-7\" style=\"--awb-text-transform:none;\"><p><em>Schwierigkeitsgrad: Leicht \u2013 Dauer: 4 bis 5 Stunden \u2013 Distanz: 64 km \u2013 H\u00f6henunterschied: 798 m<\/em><\/p>\n<p>Diese Rundtour, die direkt am Campingplatz beginnt, ist ideal f\u00fcr eine entspannte Halbtagestour. Die Route f\u00fchrt Sie vorbei an einer Reihe typischer und charmanter regionaler Sehensw\u00fcrdigkeiten. Sie passieren malerische Orte wie Rosi\u00e8res, Saint Alban-Auriolles und Ruoms und erreichen schlie\u00dflich das wundersch\u00f6ne, historische Dorf Balazuc, bevor es zur\u00fcck zum Camping Arleblanc geht.<\/p>\n<p>Routenbeschreibung: Arleblanc \u2013 Rosi\u00e8res \u2013 Joyeuse \u2013 Lablach\u00e8re \u2013 Notre Dame et Bourbouillet \u2013 St Alban-Auriolles \u2013 Ruoms \u2013 Les Bouchets (Cd 559) \u2013 Les Riailles \u2013 La Fontaine du Cade (Cd 1) \u2013 St Maurice d\u2019Ard\u00e8che \u2013 Balazuc (Cd 294) \u2013 Uzer \u2013 Bellevue \u2013 Rosi\u00e8res \u2013 Arleblanc<\/p>\n<\/div><div class=\"fusion-title title fusion-title-9 fusion-title-text fusion-title-size-three\"><div class=\"title-sep-container title-sep-container-left fusion-no-large-visibility fusion-no-medium-visibility fusion-no-small-visibility\"><div class=\"title-sep sep-single sep-solid\" style=\"border-color:#d6d4d4;\"><\/div><\/div><span class=\"awb-title-spacer fusion-no-large-visibility fusion-no-medium-visibility fusion-no-small-visibility\"><\/span><h3 class=\"fusion-title-heading title-heading-left\" style=\"margin:0;\"><span class=\"stitle\">Radtour in der s\u00fcdlichen Ard\u00e8che<\/span>N\u00b0 3<\/h3><span class=\"awb-title-spacer\"><\/span><div class=\"title-sep-container title-sep-container-right\"><div class=\"title-sep sep-single sep-solid\" style=\"border-color:#d6d4d4;\"><\/div><\/div><\/div><div class=\"fusion-text fusion-text-8\" style=\"--awb-text-transform:none;\"><p><em>Schwierigkeitsgrad: Leicht \u2013 Dauer: 4 bis 5 Stunden \u2013 Distanz: 54 km \u2013 H\u00f6henunterschied: 746 m<\/em><\/p>\n<p>Dies ist eine angenehme und gut begehbare Route mit geringem H\u00f6henunterschied, ideal f\u00fcr eine entspannte Tagestour. Sie erkunden die Ebenen um Laurac und die Ausl\u00e4ufer der Cevennen. Die Route f\u00fchrt Sie durch malerische D\u00f6rfer wie Vinezac und Ailhon, bevor Sie \u00fcber das historische Largenti\u00e8re zum Campingplatz zur\u00fcckkehren.<\/p>\n<p>Routenbeschreibung: Arleblanc \u2013 Rosi\u00e8res \u2013 Vinezac (Cd 423) \u2013 La Vernade (Cd 103) \u2013 Fons (Cd 359) \u2013 Ailhon \u2013 La Chaberterie (Cd 223) \u2013 Vall\u00e9e de La Lande \u2013 Largenti\u00e8re \u2013 Laurac \u2013 Rosi\u00e8res \u2013 Arleblanc.<\/p>\n<\/div><div class=\"fusion-title title fusion-title-10 fusion-title-text fusion-title-size-three\"><div class=\"title-sep-container title-sep-container-left fusion-no-large-visibility fusion-no-medium-visibility fusion-no-small-visibility\"><div class=\"title-sep sep-single sep-solid\" style=\"border-color:#d6d4d4;\"><\/div><\/div><span class=\"awb-title-spacer fusion-no-large-visibility fusion-no-medium-visibility fusion-no-small-visibility\"><\/span><h3 class=\"fusion-title-heading title-heading-left\" style=\"margin:0;\"><span class=\"stitle\">Radtour in den Cevennen &#8211; Auf dem Weg nach Loz\u00e8re<\/span><\/h3><span class=\"awb-title-spacer\"><\/span><div class=\"title-sep-container title-sep-container-right\"><div class=\"title-sep sep-single sep-solid\" style=\"border-color:#d6d4d4;\"><\/div><\/div><\/div><div class=\"fusion-text fusion-text-9\" style=\"--awb-text-transform:none;\"><p><em>Schwierigkeitsgrad: Schwierig \u2013 Dauer: 4 bis 5 Stunden \u2013 Distanz: 89 km \u2013 H\u00f6henunterschied: 1216 m<\/em><\/p>\n<p>Dies ist der anspruchsvolle H\u00f6hepunkt Ihres Urlaubs, ideal f\u00fcr erfahrene Radfahrer. Von Arleblanc aus radeln Sie nach Les Vans und folgen dem malerischen Chassezac-Tal nach Pied de Borne. Die Route f\u00fchrt weiter nach Villefort, wo der gro\u00dfe Anstieg wartet: Sie beenden die Tour mit der anspruchsvollen \u00dcberquerung des Col du Mas de l\u2019Ayre \u2013 eine fantastische Belohnung f\u00fcr Ihre Anstrengungen. Die Abfahrt \u00fcber Folcheran und zur\u00fcck \u00fcber Les Vans, Joyeuse und Rosi\u00e8res bringt Sie zufrieden nach Arleblanc zur\u00fcck.<\/p>\n<p>Routenbeschreibung: Arleblanc \u2013 Rosi\u00e8res \u2013 Joyeuse \u2013 Lablach\u00e8re \u2013 Les Vans \u2013 Gravi\u00e8res \u2013 Pied de Borne \u2013 Villefort \u2013 Col du Mas de l\u2019Ayre \u2013 Folcheran \u2013 Les Vans \u2013 Lablach\u00e8re \u2013 Joyeuse \u2013 Rosi\u00e8res \u2013 Arleblanc<\/p>\n<\/div><div class=\"fusion-title title fusion-title-11 fusion-title-text fusion-title-size-three\"><div class=\"title-sep-container title-sep-container-left fusion-no-large-visibility fusion-no-medium-visibility fusion-no-small-visibility\"><div class=\"title-sep sep-single sep-solid\" style=\"border-color:#d6d4d4;\"><\/div><\/div><span class=\"awb-title-spacer fusion-no-large-visibility fusion-no-medium-visibility fusion-no-small-visibility\"><\/span><h3 class=\"fusion-title-heading title-heading-left\" style=\"margin:0;\"><span class=\"stitle\">Radtour \u2013 Auf dem Weg in die Cevennen<\/span><\/h3><span class=\"awb-title-spacer\"><\/span><div class=\"title-sep-container title-sep-container-right\"><div class=\"title-sep sep-single sep-solid\" style=\"border-color:#d6d4d4;\"><\/div><\/div><\/div><div class=\"fusion-text fusion-text-10\" style=\"--awb-text-transform:none;\"><p><em>Schwierigkeitsgrad: Schwierig \u2013 Dauer: 4 bis 5 Stunden \u2013 Distanz: 97 km \u2013 H\u00f6henunterschied: 1438 m<\/em><\/p>\n<p>Dies ist die ultimative Herausforderung f\u00fcr sportliche Radfahrer! Mit beeindruckenden 1.438 H\u00f6henmetern sind sanfte Anstiege pass\u00e9. Die Tour startet am Campingplatz Arleblanc und f\u00fchrt in Richtung Les Deux Aygues, bevor der gro\u00dfe Anstieg zum legend\u00e4ren Col du Chap Del Bosc beginnt. Die Route f\u00fchrt vorbei an Valgorge und Loubaresse, wo Sie spektakul\u00e4re Ausblicke genie\u00dfen k\u00f6nnen. Die Belohnung erwartet Sie auf der R\u00fcckfahrt: \u00dcber die malerischen Landschaften von Thines und Les Vans radeln Sie die letzten Kilometer zur\u00fcck zum Campingplatz Arleblanc \u2013 und das mit einem rundum zufriedenen Gef\u00fchl.<\/p>\n<p>Routenbeschreibung: Arleblanc \u2013 Rosi\u00e8res \u2013 Joyeuse \u2013 Les Deux Aygues \u2013 Valgorge \u2013 Loubaresse \u2013 Col du Chap Del Bosc \u2013 Thines \u2013 Gravi\u00e8res \u2013 Les Vans \u2013 Lablach\u00e8re \u2013 Joyeuse \u2013 Rosi\u00e8res \u2013 Arleblanc.<\/p>\n<\/div><div class=\"fusion-title title fusion-title-12 fusion-title-text fusion-title-size-three\"><div class=\"title-sep-container title-sep-container-left fusion-no-large-visibility fusion-no-medium-visibility fusion-no-small-visibility\"><div class=\"title-sep sep-single sep-solid\" style=\"border-color:#d6d4d4;\"><\/div><\/div><span class=\"awb-title-spacer fusion-no-large-visibility fusion-no-medium-visibility fusion-no-small-visibility\"><\/span><h3 class=\"fusion-title-heading title-heading-left\" style=\"margin:0;\"><span class=\"stitle\">Radtour in der s\u00fcdlichen Ard\u00e8che &#8211; Am Fu\u00dfe der Cevennen<\/span><\/h3><span class=\"awb-title-spacer\"><\/span><div class=\"title-sep-container title-sep-container-right\"><div class=\"title-sep sep-single sep-solid\" style=\"border-color:#d6d4d4;\"><\/div><\/div><\/div><div class=\"fusion-text fusion-text-11\" style=\"--awb-text-transform:none;\"><p>Dies ist eine anspruchsvolle Rundwanderung voller Natursch\u00f6nheiten. Nachdem Sie dem Beaume-Drobie-Tal gefolgt sind, gelangen Sie zur\u00fcck in die Ausl\u00e4ufer der Cevennen und erreichen das Chassezac-Tal. Die Kr\u00f6nung ist die Durchquerung des pr\u00e4chtigen Bois de Pa\u00efolive, eines Waldes aus versteinerten Felsen, dessen Eingang mit B\u00e4ren- und L\u00f6wen Statuen geschm\u00fcckt ist. Der R\u00fcckweg f\u00fchrt durch den bezaubernden Bois de Bourbouillet. Sie k\u00f6nnen diese Wanderung verl\u00e4ngern: Nur 10 km vom Campingplatz entfernt f\u00fchren Radwege zu wundersch\u00f6nen D\u00f6rfern wie Vog\u00fc\u00e9, Balazuc und Ruoms oder sogar weiter in die Region Gard bis nach Vallon Pont d\u2019Arc.<\/p>\n<p>Routenbeschreibung: Arleblanc \u2013 Rosi\u00e8res \u2013 Joyeuse \u2013 Les Deux Aygues \u2013 Sabli\u00e8re \u2013 Peyre \u2013 Chambonas \u2013 Les Vans \u2013 CD 901 \u2013 Bois de Pa\u00efolive \u2013 Casteljau \u2013 Maisonneuve \u2013 Chandolas \u2013 Bois de Bourbouillet \u2013 Notre Dame de Bon Secours \u2013 Lablach\u00e8re \u2013 Rosi\u00e8res \u2013 Arleblanc<\/p>\n<\/div><\/div><\/div><\/div><\/div><\/p>\n","protected":false},"excerpt":{"rendered":"<p>Ausgangspunkt vom Campingplatz<\/p>\n","protected":false},"author":1,"featured_media":3966,"comment_status":"closed","ping_status":"closed","sticky":false,"template":"","format":"standard","meta":{"_acf_changed":false,"footnotes":""},"categories":[125],"tags":[],"class_list":["post-6686","post","type-post","status-publish","format-standard","has-post-thumbnail","hentry","category-sport-ardeche"],"acf":[],"_links":{"self":[{"href":"https:\/\/www.arleblanc.com\/de\/wp-json\/wp\/v2\/posts\/6686","targetHints":{"allow":["GET"]}}],"collection":[{"href":"https:\/\/www.arleblanc.com\/de\/wp-json\/wp\/v2\/posts"}],"about":[{"href":"https:\/\/www.arleblanc.com\/de\/wp-json\/wp\/v2\/types\/post"}],"author":[{"embeddable":true,"href":"https:\/\/www.arleblanc.com\/de\/wp-json\/wp\/v2\/users\/1"}],"replies":[{"embeddable":true,"href":"https:\/\/www.arleblanc.com\/de\/wp-json\/wp\/v2\/comments?post=6686"}],"version-history":[{"count":3,"href":"https:\/\/www.arleblanc.com\/de\/wp-json\/wp\/v2\/posts\/6686\/revisions"}],"predecessor-version":[{"id":6874,"href":"https:\/\/www.arleblanc.com\/de\/wp-json\/wp\/v2\/posts\/6686\/revisions\/6874"}],"wp:featuredmedia":[{"embeddable":true,"href":"https:\/\/www.arleblanc.com\/de\/wp-json\/wp\/v2\/media\/3966"}],"wp:attachment":[{"href":"https:\/\/www.arleblanc.com\/de\/wp-json\/wp\/v2\/media?parent=6686"}],"wp:term":[{"taxonomy":"category","embeddable":true,"href":"https:\/\/www.arleblanc.com\/de\/wp-json\/wp\/v2\/categories?post=6686"},{"taxonomy":"post_tag","embeddable":true,"href":"https:\/\/www.arleblanc.com\/de\/wp-json\/wp\/v2\/tags?post=6686"}],"curies":[{"name":"wp","href":"https:\/\/api.w.org\/{rel}","templated":true}]}}